{"id":1039,"date":"2012-08-12T00:35:08","date_gmt":"2012-08-12T02:35:08","guid":{"rendered":"http:\/\/cmca.srv.br\/blogmax\/?p=1039"},"modified":"2014-01-21T14:41:57","modified_gmt":"2014-01-21T16:41:57","slug":"direito-medieval-e-as-filosofias-medievais","status":"publish","type":"post","link":"https:\/\/max.pro.br\/?p=1039","title":{"rendered":"Direito Medieval e as Filosofias Medievais"},"content":{"rendered":"<p>A Idade M\u00e9dia inicia-se com a desorganiza\u00e7\u00e3o da vida pol\u00edtica, econ\u00f4mica e social do Ocidente, agora transformado num mosaico de reinos b\u00e1rbaros \u2013 depois seguem-se as guerras, a fome e as grandes epidemias. O cristianismo propaga-se por diversos povos, buscando unificar seu poder. A diminui\u00e7\u00e3o da atividade cultural transforma o homem comum em um ser dominado por cren\u00e7as e supersti\u00e7\u00f5es.<\/p>\n<p>Com a queda do Imp\u00e9rio Romano, o Direito passa por uma fase de fragmenta\u00e7\u00e3o significativa, muito voltado aos costumes locais de cada povo dominador. Mas a ess\u00eancia do direito romano \u00e9 preservada por alguns povos, principalmente os visigodos.<\/p>\n<p>Sob a influ\u00eancia da Igreja, as especula\u00e7\u00f5es se concentram em quest\u00f5es filos\u00f3fico-teol\u00f3gicas, tentando conciliar a f\u00e9 e a raz\u00e3o. E \u00e9 nesse esfor\u00e7o que Santo Agostinho e Santo Tom\u00e1s de Aquino trazem \u00e0 luz reflex\u00e3o fundamental para a hist\u00f3ria do pensamento crist\u00e3o. Outros fil\u00f3sofos da \u00e9poca contribuiram para o desenvolvimento da filosofia do direito, mas a maior parte somente em um per\u00edodo posterior \u00e0 Idade M\u00e9dia.<\/p>\n<p><a title=\"Latim Jur\u00eddico\" href=\"_arquivos\/20090324_latim.pdf\" target=\"_blank\">Trabalho completo<\/a><\/p>\n<p>** Trabalho final da disciplina de Latim Jur\u00eddico, sob a orienta\u00e7\u00e3o do professor Gabriel Valle em 2009. Apresentado com os colegas Adriano Luiz Germano Dias, Jos\u00e9 Alexandre da Silva e Souza Pinto, Rejane Ionacyara Oliveira e Renata Mendes.<\/p>\n","protected":false},"excerpt":{"rendered":"<p>A Idade M\u00e9dia inicia-se com a desorganiza\u00e7\u00e3o da vida pol\u00edtica, econ\u00f4mica e social do Ocidente, agora transformado num mosaico de &hellip; <span class=\"more-link\"><a href=\"https:\/\/max.pro.br\/?p=1039\">Continue Reading<\/a><\/span><\/p>\n","protected":false},"author":1,"featured_media":0,"comment_status":"open","ping_status":"open","sticky":false,"template":"","format":"standard","meta":{"footnotes":""},"categories":[10],"tags":[],"class_list":["post-1039","post","type-post","status-publish","format-standard","hentry","category-direito"],"_links":{"self":[{"href":"https:\/\/max.pro.br\/index.php?rest_route=\/wp\/v2\/posts\/1039","targetHints":{"allow":["GET"]}}],"collection":[{"href":"https:\/\/max.pro.br\/index.php?rest_route=\/wp\/v2\/posts"}],"about":[{"href":"https:\/\/max.pro.br\/index.php?rest_route=\/wp\/v2\/types\/post"}],"author":[{"embeddable":true,"href":"https:\/\/max.pro.br\/index.php?rest_route=\/wp\/v2\/users\/1"}],"replies":[{"embeddable":true,"href":"https:\/\/max.pro.br\/index.php?rest_route=%2Fwp%2Fv2%2Fcomments&post=1039"}],"version-history":[{"count":5,"href":"https:\/\/max.pro.br\/index.php?rest_route=\/wp\/v2\/posts\/1039\/revisions"}],"predecessor-version":[{"id":1943,"href":"https:\/\/max.pro.br\/index.php?rest_route=\/wp\/v2\/posts\/1039\/revisions\/1943"}],"wp:attachment":[{"href":"https:\/\/max.pro.br\/index.php?rest_route=%2Fwp%2Fv2%2Fmedia&parent=1039"}],"wp:term":[{"taxonomy":"category","embeddable":true,"href":"https:\/\/max.pro.br\/index.php?rest_route=%2Fwp%2Fv2%2Fcategories&post=1039"},{"taxonomy":"post_tag","embeddable":true,"href":"https:\/\/max.pro.br\/index.php?rest_route=%2Fwp%2Fv2%2Ftags&post=1039"}],"curies":[{"name":"wp","href":"https:\/\/api.w.org\/{rel}","templated":true}]}}