{"id":1193,"date":"2012-09-15T17:52:58","date_gmt":"2012-09-15T19:52:58","guid":{"rendered":"http:\/\/cmca.srv.br\/blogmax\/?p=1193"},"modified":"2014-01-21T14:48:40","modified_gmt":"2014-01-21T16:48:40","slug":"depoimento-gic-flavia-carvalho-flavia-oliveira-e-pedrita","status":"publish","type":"post","link":"https:\/\/max.pro.br\/?p=1193","title":{"rendered":"Depoimento GIC \u2013 Fl\u00e1via Carvalho, Fl\u00e1via Oliveira e Pedrita"},"content":{"rendered":"<p>\u201cNa \u00e1rea da sa\u00fade como um todo, a <a title=\"GIC \u2013 Gest\u00e3o da Informa\u00e7\u00e3o e do Conhecimento\" href=\"?page_id=117\">Gest\u00e3o da Informa\u00e7\u00e3o e do Conhecimento<\/a> torna-se imprescind\u00edvel na medida em que apenas a tecnologia n\u00e3o \u00e9 capaz de suprir todas as necessidades do ser humano. As organiza\u00e7\u00f5es que integram essa classifica\u00e7\u00e3o necessitam muito mais que apenas um bom sistema informatizado funcionando em perfeita sintonia com todos os processos (normas, rotinas e condutas), contam tamb\u00e9m com pessoas respons\u00e1veis pela preven\u00e7\u00e3o, cuidado, recupera\u00e7\u00e3o e cura de outras pessoas. Desta maneira, o profissional da \u00e1rea da sa\u00fade precisa saber lidar o tempo inteiro com a absor\u00e7\u00e3o do conhecimento expl\u00edcito, ou seja, o que lhe \u00e9 transmitido, vinculado ao conhecimento t\u00e1cito, algo previamente armazenado em seu \u201csuposto\u201d saber. [&#8230;] Enfim, este trabalho proporcionou entendimento acerca da <a title=\"GIC \u2013 Gest\u00e3o da Informa\u00e7\u00e3o e do Conhecimento\" href=\"?page_id=117\">Gest\u00e3o da Informa\u00e7\u00e3o e do Conhecimento<\/a>, al\u00e9m de demonstrar a import\u00e2ncia deste processo bem trabalhado e desenvolvido dentro das organiza\u00e7\u00f5es. Ficou claro que informa\u00e7\u00e3o e conhecimento, apesar de se conceituarem de forma distinta, s\u00e3o ve\u00edculos de aprendizagem e desenvolvimento profissional e, sua intera\u00e7\u00e3o \u00e9 essencial para a vida saud\u00e1vel das rela\u00e7\u00f5es e neg\u00f3cios das empresas, estejam elas inseridas em qualquer das suas m\u00faltiplas \u00e1reas. No entanto, ainda h\u00e1 desafios relacionados ao tema, \u00e9 necess\u00e1rio desmistificar tais conceitos, muitas vezes direcionados apenas \u00e1 tecnologia da informa\u00e7\u00e3o, esta apesar de estar intimamente ligada ao processo, n\u00e3o \u00e9 o \u00fanico elo de liga\u00e7\u00e3o e relacionamento dentro das institui\u00e7\u00f5es. Ainda por tr\u00e1s deste v\u00ednculo, h\u00e1 um conhecimento capaz de mover o mundo, algo muito al\u00e9m da TI, algo em torno de pessoas e do seu conhecimento.\u201d<\/p>\n<p style=\"text-align: right;\"><strong><\/strong><strong><a title=\"Depoimento GIC \u2013 Fl\u00e1via F\u00e1tima Oliveira\" href=\"?p=1172\">Fl\u00e1via F\u00e1tima Oliveira<\/a><br \/>\nFl\u00e1via Regina de Carvalho<br \/>\nPedrita Karry Pinho Caldas<\/strong><strong><\/strong><br \/>\nMBA em Gest\u00e3o Estrat\u00e9gica de Pessoas \u2013 ago\/2012 \u2013 FUMEC<strong><\/strong><\/p>\n<p><a href=\"?page_id=653\">Outros depoimentos<\/a><\/p>\n","protected":false},"excerpt":{"rendered":"<p>\u201cNa \u00e1rea da sa\u00fade como um todo, a Gest\u00e3o da Informa\u00e7\u00e3o e do Conhecimento torna-se imprescind\u00edvel na medida em que &hellip; <span class=\"more-link\"><a href=\"https:\/\/max.pro.br\/?p=1193\">Continue Reading<\/a><\/span><\/p>\n","protected":false},"author":1,"featured_media":0,"comment_status":"open","ping_status":"open","sticky":false,"template":"","format":"standard","meta":{"footnotes":""},"categories":[11,5],"tags":[],"class_list":["post-1193","post","type-post","status-publish","format-standard","hentry","category-ciencia-da-informacao","category-gic"],"_links":{"self":[{"href":"https:\/\/max.pro.br\/index.php?rest_route=\/wp\/v2\/posts\/1193","targetHints":{"allow":["GET"]}}],"collection":[{"href":"https:\/\/max.pro.br\/index.php?rest_route=\/wp\/v2\/posts"}],"about":[{"href":"https:\/\/max.pro.br\/index.php?rest_route=\/wp\/v2\/types\/post"}],"author":[{"embeddable":true,"href":"https:\/\/max.pro.br\/index.php?rest_route=\/wp\/v2\/users\/1"}],"replies":[{"embeddable":true,"href":"https:\/\/max.pro.br\/index.php?rest_route=%2Fwp%2Fv2%2Fcomments&post=1193"}],"version-history":[{"count":4,"href":"https:\/\/max.pro.br\/index.php?rest_route=\/wp\/v2\/posts\/1193\/revisions"}],"predecessor-version":[{"id":1961,"href":"https:\/\/max.pro.br\/index.php?rest_route=\/wp\/v2\/posts\/1193\/revisions\/1961"}],"wp:attachment":[{"href":"https:\/\/max.pro.br\/index.php?rest_route=%2Fwp%2Fv2%2Fmedia&parent=1193"}],"wp:term":[{"taxonomy":"category","embeddable":true,"href":"https:\/\/max.pro.br\/index.php?rest_route=%2Fwp%2Fv2%2Fcategories&post=1193"},{"taxonomy":"post_tag","embeddable":true,"href":"https:\/\/max.pro.br\/index.php?rest_route=%2Fwp%2Fv2%2Ftags&post=1193"}],"curies":[{"name":"wp","href":"https:\/\/api.w.org\/{rel}","templated":true}]}}