{"id":1202,"date":"2012-09-24T09:49:03","date_gmt":"2012-09-24T11:49:03","guid":{"rendered":"http:\/\/cmca.srv.br\/blogmax\/?p=1202"},"modified":"2014-01-21T14:49:12","modified_gmt":"2014-01-21T16:49:12","slug":"artigo-aceito-2","status":"publish","type":"post","link":"https:\/\/max.pro.br\/?p=1202","title":{"rendered":"Artigo aceito!"},"content":{"rendered":"<p>O artigo \u201c<strong>Uma abordagem informacional do mundo: reflex\u00f5es iniciais a partir de uma GIC ampla<\/strong>\u201d, escrito com <a href=\"http:\/\/buscatextual.cnpq.br\/buscatextual\/visualizacv.do?metodo=apresentar&amp;id=K4783482H4\" target=\"_blank\">\u00cdris Barbosa Goulart<\/a>,\u00a0 foi aceito para publica\u00e7\u00e3o na <a title=\"Perspectivas em Gestao &amp; Conhecimento\" href=\"http:\/\/periodicos.ufpb.br\/ojs2\/index.php\/pgc\" target=\"_blank\">Perspectivas em Gest\u00e3o &amp; Conhecimento<\/a>, da UFPB.<\/p>\n<p>Agrade\u00e7o aos alunos da FUMEC e UNI-BH por seus coment\u00e1rios sobre a apostila da disciplina de <a title=\"GIC \u2013 Gest\u00e3o da Informa\u00e7\u00e3o e do Conhecimento\" href=\"?page_id=117\">Gest\u00e3o da Informa\u00e7\u00e3o e do Conhecimento<\/a> &#8211; o artigo \u00e9 derivado da apostila discutida em sala.<\/p>\n<p><strong>Resumo:<\/strong> O artigo discute a proposta de utiliza\u00e7\u00e3o de conceitos desenvolvidos na Cogni\u00e7\u00e3o Social e na chamada Gest\u00e3o do Conhecimento para a constru\u00e7\u00e3o de uma abordagem informacional do mundo. A discuss\u00e3o deste trabalho se inicia a partir de uma breve introdu\u00e7\u00e3o aos principais conceitos da Gest\u00e3o do Conhecimento. Em seguida, discute-se o <em>sense making<\/em> e uma reflex\u00e3o inicial sobre a constru\u00e7\u00e3o social do conhecimento a partir de conceitos tratados nos estudos da Cogni\u00e7\u00e3o Social sobre as representa\u00e7\u00f5es sociais. O processo b\u00e1sico de comunica\u00e7\u00e3o que trata do relacionamento do homem com o mundo (a Pir\u00e2mide de Foskett) \u00e9 utilizado para fundamentar a apresenta\u00e7\u00e3o de uma abordagem informacional do mundo.<\/p>\n<p><strong>Palavras-chave: <\/strong>Ci\u00eancia da Informa\u00e7\u00e3o. Gest\u00e3o da Informa\u00e7\u00e3o e do Conhecimento. Cogni\u00e7\u00e3o Social. Representa\u00e7\u00f5es Sociais.<\/p>\n","protected":false},"excerpt":{"rendered":"<p>O artigo \u201cUma abordagem informacional do mundo: reflex\u00f5es iniciais a partir de uma GIC ampla\u201d, escrito com \u00cdris Barbosa Goulart,\u00a0 &hellip; <span class=\"more-link\"><a href=\"https:\/\/max.pro.br\/?p=1202\">Continue Reading<\/a><\/span><\/p>\n","protected":false},"author":1,"featured_media":0,"comment_status":"open","ping_status":"open","sticky":false,"template":"","format":"standard","meta":{"footnotes":""},"categories":[11,5,9],"tags":[],"class_list":["post-1202","post","type-post","status-publish","format-standard","hentry","category-ciencia-da-informacao","category-gic","category-mrci"],"_links":{"self":[{"href":"https:\/\/max.pro.br\/index.php?rest_route=\/wp\/v2\/posts\/1202","targetHints":{"allow":["GET"]}}],"collection":[{"href":"https:\/\/max.pro.br\/index.php?rest_route=\/wp\/v2\/posts"}],"about":[{"href":"https:\/\/max.pro.br\/index.php?rest_route=\/wp\/v2\/types\/post"}],"author":[{"embeddable":true,"href":"https:\/\/max.pro.br\/index.php?rest_route=\/wp\/v2\/users\/1"}],"replies":[{"embeddable":true,"href":"https:\/\/max.pro.br\/index.php?rest_route=%2Fwp%2Fv2%2Fcomments&post=1202"}],"version-history":[{"count":6,"href":"https:\/\/max.pro.br\/index.php?rest_route=\/wp\/v2\/posts\/1202\/revisions"}],"predecessor-version":[{"id":1963,"href":"https:\/\/max.pro.br\/index.php?rest_route=\/wp\/v2\/posts\/1202\/revisions\/1963"}],"wp:attachment":[{"href":"https:\/\/max.pro.br\/index.php?rest_route=%2Fwp%2Fv2%2Fmedia&parent=1202"}],"wp:term":[{"taxonomy":"category","embeddable":true,"href":"https:\/\/max.pro.br\/index.php?rest_route=%2Fwp%2Fv2%2Fcategories&post=1202"},{"taxonomy":"post_tag","embeddable":true,"href":"https:\/\/max.pro.br\/index.php?rest_route=%2Fwp%2Fv2%2Ftags&post=1202"}],"curies":[{"name":"wp","href":"https:\/\/api.w.org\/{rel}","templated":true}]}}