{"id":1215,"date":"2012-09-24T23:37:11","date_gmt":"2012-09-25T01:37:11","guid":{"rendered":"http:\/\/cmca.srv.br\/blogmax\/?p=1215"},"modified":"2012-09-24T23:37:11","modified_gmt":"2012-09-25T01:37:11","slug":"liberados-os-anais-do-xiii-enancib","status":"publish","type":"post","link":"https:\/\/max.pro.br\/?p=1215","title":{"rendered":"Liberados os Anais do XIII ENANCIB!"},"content":{"rendered":"<p>Disponibilizados os trabalhos:<\/p>\n<p>XIII ENCONTRO NACIONAL DE PESQUISA EM CI\u00caNCIA DA INFORMA\u00c7\u00c3O &#8211;<br \/>\nXIII ENANCIB 2012<br \/>\nGT 1 \u2013 ESTUDOS HIST\u00d3RICOS E EPISTEMOL\u00d3GICOS DA CI\u00caNCIA DA<br \/>\nINFORMA\u00c7\u00c3O<br \/>\n<a title=\"Da possibilidade de uma Teoria Pura da Ci\u00eancia da Informa\u00e7\u00e3o\" href=\"http:\/\/www.eventosecongressos.com.br\/metodo\/enancib2012\/arearestrita\/pdfs\/19054.pdf\" target=\"_blank\">DA POSSIBILIDADE DE UMA TEORIA PURA DA CI\u00caNCIA DA<\/a><br \/>\n<a title=\"Da possibilidade de uma Teoria Pura da Ci\u00eancia da Informa\u00e7\u00e3o\" href=\"http:\/\/www.eventosecongressos.com.br\/metodo\/enancib2012\/arearestrita\/pdfs\/19054.pdf\" target=\"_blank\">INFORMA\u00c7\u00c3O<\/a><br \/>\nComunica\u00e7\u00e3o Oral<br \/>\nAndityas Soares de Moura Costa Matos \u2013 UFMG<br \/>\nMax Cirino de Mattos \u2013 UFMG<\/p>\n<p>GT 4 \u2013 GEST\u00c3O DA INFORMA\u00c7\u00c3O E DO CONHECIMENTO NAS<br \/>\nORGANIZA\u00c7\u00d5ES<br \/>\n<a title=\"Uma abordagem informacional do mundo\" href=\"http:\/\/www.eventosecongressos.com.br\/metodo\/enancib2012\/arearestrita\/pdfs\/19449.pdf\" target=\"_blank\">UMA ABORDAGEM INFORMACIONAL DO MUNDO:<\/a><br \/>\n<a title=\"Uma abordagem informacional do mundo\" href=\"http:\/\/www.eventosecongressos.com.br\/metodo\/enancib2012\/arearestrita\/pdfs\/19449.pdf\" target=\"_blank\">REFLEX\u00d5ES INICIAIS A PARTIR DE UMA GIC AMPLA<\/a><br \/>\nComunica\u00e7\u00e3o Oral<br \/>\n\u00cdris Barbosa Goulart &#8211; UFMG<br \/>\nMax Cirino de Mattos &#8211; UFMG<\/p>\n","protected":false},"excerpt":{"rendered":"<p>Disponibilizados os trabalhos: XIII ENCONTRO NACIONAL DE PESQUISA EM CI\u00caNCIA DA INFORMA\u00c7\u00c3O &#8211; XIII ENANCIB 2012 GT 1 \u2013 ESTUDOS &hellip; <span class=\"more-link\"><a href=\"https:\/\/max.pro.br\/?p=1215\">Continue Reading<\/a><\/span><\/p>\n","protected":false},"author":1,"featured_media":0,"comment_status":"open","ping_status":"open","sticky":false,"template":"","format":"standard","meta":{"footnotes":""},"categories":[11,10,5,9,6],"tags":[],"class_list":["post-1215","post","type-post","status-publish","format-standard","hentry","category-ciencia-da-informacao","category-direito","category-gic","category-mrci","category-pessoal"],"_links":{"self":[{"href":"https:\/\/max.pro.br\/index.php?rest_route=\/wp\/v2\/posts\/1215","targetHints":{"allow":["GET"]}}],"collection":[{"href":"https:\/\/max.pro.br\/index.php?rest_route=\/wp\/v2\/posts"}],"about":[{"href":"https:\/\/max.pro.br\/index.php?rest_route=\/wp\/v2\/types\/post"}],"author":[{"embeddable":true,"href":"https:\/\/max.pro.br\/index.php?rest_route=\/wp\/v2\/users\/1"}],"replies":[{"embeddable":true,"href":"https:\/\/max.pro.br\/index.php?rest_route=%2Fwp%2Fv2%2Fcomments&post=1215"}],"version-history":[{"count":1,"href":"https:\/\/max.pro.br\/index.php?rest_route=\/wp\/v2\/posts\/1215\/revisions"}],"predecessor-version":[{"id":1216,"href":"https:\/\/max.pro.br\/index.php?rest_route=\/wp\/v2\/posts\/1215\/revisions\/1216"}],"wp:attachment":[{"href":"https:\/\/max.pro.br\/index.php?rest_route=%2Fwp%2Fv2%2Fmedia&parent=1215"}],"wp:term":[{"taxonomy":"category","embeddable":true,"href":"https:\/\/max.pro.br\/index.php?rest_route=%2Fwp%2Fv2%2Fcategories&post=1215"},{"taxonomy":"post_tag","embeddable":true,"href":"https:\/\/max.pro.br\/index.php?rest_route=%2Fwp%2Fv2%2Ftags&post=1215"}],"curies":[{"name":"wp","href":"https:\/\/api.w.org\/{rel}","templated":true}]}}