{"id":748,"date":"2012-07-08T12:19:33","date_gmt":"2012-07-08T14:19:33","guid":{"rendered":"http:\/\/cmca.srv.br\/blogmax\/?p=748"},"modified":"2013-11-19T21:06:19","modified_gmt":"2013-11-20T00:06:19","slug":"seria-a-ciencia-da-informacao-um-camaleao-cientifico","status":"publish","type":"post","link":"https:\/\/max.pro.br\/?p=748","title":{"rendered":"Seria a Ci\u00eancia da Informa\u00e7\u00e3o um \u201ccamale\u00e3o cient\u00edfico\u201d?"},"content":{"rendered":"<p>O camale\u00e3o \u00e9 representante de um grupo de animais curiosos, que assumem diversas formas para se defender e sobreviver. Na imin\u00eancia do perigo, ele demonstra seu mimetismo vigoroso. \u00c9 poss\u00edvel aos pesquisadores estudarem separadamente cada \u201cocorr\u00eancia\u201d desse mimetismo, cada momento de transforma\u00e7\u00e3o. Mas essas diversas \u201cvis\u00f5es de camale\u00e3o\u201d comungam de uma premissa essencial: trata-se de um camale\u00e3o, antes de tudo. Nesse sentido, ele representa uma <strong>estrutura<\/strong> (camale\u00e3o) <strong>flex\u00edvel<\/strong> (capaz de assumir diversas cores). Mesmo que no futuro sejam descobertas novas formas de adapta\u00e7\u00e3o do camale\u00e3o, ainda sim o conhecimento sobre essa sua estrutura ser\u00e1 proveitoso, organizado e fundamental. Ele possui uma estrutura que permite diversos arranjos, cores que se confundem com o ambiente \u2013 mas ainda sim, \u00e9 um camale\u00e3o.<\/p>\n<p>Seria a Ci\u00eancia da Informa\u00e7\u00e3o um \u201ccamale\u00e3o cient\u00edfico\u201d? Podemos considerar cada cor assumida pelo camale\u00e3o como um sentido epistemol\u00f3gico diferente, e classific\u00e1-lo como poli-epistemol\u00f3gico \u2013 parece ser este o cen\u00e1rio atual da Ci\u00eancia da Informa\u00e7\u00e3o. Mas n\u00e3o seria interessante refletir sobre uma epistemologia direcionada \u00e0 sua \u201cestrutura flex\u00edvel\u201d, e todos os m\u00faltiplos sentidos na verdade corresponderiam a um mimetismo vigoroso dessa Ci\u00eancia? Nesse caso, resta ainda a descoberta de sua \u201c<a title=\"A Tectologia de Alexander Alexandrovich Malinovsky\" href=\"http:\/\/lataci.com.br\/?page_id=40\" target=\"_blank\">estrutura flex\u00edvel<\/a>\u201d.<\/p>\n<p>O termo \u201cinforma\u00e7\u00e3o\u201d pode assumir v\u00e1rias defini\u00e7\u00f5es ou interpreta\u00e7\u00f5es que dependem do contexto: cada trabalho produzido utiliza uma dessas defini\u00e7\u00f5es, justifica-se nesse determinado contexto, e insere-se na \u00e1rea. E, de acordo com a defini\u00e7\u00e3o adotada, fica claro que ele pertence \u00e0 \u00e1rea \u2013 o trabalho, em si, \u00e9 coerente. Mas m\u00faltiplas defini\u00e7\u00f5es (nos diversos trabalhos) n\u00e3o podem significar, em certo sentido, m\u00faltiplos objetos com um nome comum? O objeto de uma ci\u00eancia pode ser redefinido a cada trabalho? Em caso positivo, <a title=\"Que Ci\u00eancia? Que Informa\u00e7\u00e3o?\" href=\"http:\/\/lataci.com.br\/?page_id=37\" target=\"_blank\">esse objeto amb\u00edguo n\u00e3o torna fr\u00e1gil a Ci\u00eancia da Informa\u00e7\u00e3o<\/a>? Como avaliar as contribui\u00e7\u00f5es para a \u00e1rea, se cada trabalho for coerente a partir de uma defini\u00e7\u00e3o diferente adotada para o termo \u201cinforma\u00e7\u00e3o\u201d? Cada vez mais n\u00e3o seria refor\u00e7ada a fragmenta\u00e7\u00e3o, a dispers\u00e3o, a n\u00e3o converg\u00eancia? Como ser interdisciplinar, justificar-se interdisciplinar, se antes n\u00e3o se consolidar <strong>intra<\/strong>disciplinar?<\/p>\n","protected":false},"excerpt":{"rendered":"<p>O camale\u00e3o \u00e9 representante de um grupo de animais curiosos, que assumem diversas formas para se defender e sobreviver. Na &hellip; <span class=\"more-link\"><a href=\"https:\/\/max.pro.br\/?p=748\">Continue Reading<\/a><\/span><\/p>\n","protected":false},"author":1,"featured_media":0,"comment_status":"closed","ping_status":"open","sticky":false,"template":"","format":"standard","meta":{"footnotes":""},"categories":[11,9],"tags":[],"class_list":["post-748","post","type-post","status-publish","format-standard","hentry","category-ciencia-da-informacao","category-mrci"],"_links":{"self":[{"href":"https:\/\/max.pro.br\/index.php?rest_route=\/wp\/v2\/posts\/748","targetHints":{"allow":["GET"]}}],"collection":[{"href":"https:\/\/max.pro.br\/index.php?rest_route=\/wp\/v2\/posts"}],"about":[{"href":"https:\/\/max.pro.br\/index.php?rest_route=\/wp\/v2\/types\/post"}],"author":[{"embeddable":true,"href":"https:\/\/max.pro.br\/index.php?rest_route=\/wp\/v2\/users\/1"}],"replies":[{"embeddable":true,"href":"https:\/\/max.pro.br\/index.php?rest_route=%2Fwp%2Fv2%2Fcomments&post=748"}],"version-history":[{"count":6,"href":"https:\/\/max.pro.br\/index.php?rest_route=\/wp\/v2\/posts\/748\/revisions"}],"predecessor-version":[{"id":1898,"href":"https:\/\/max.pro.br\/index.php?rest_route=\/wp\/v2\/posts\/748\/revisions\/1898"}],"wp:attachment":[{"href":"https:\/\/max.pro.br\/index.php?rest_route=%2Fwp%2Fv2%2Fmedia&parent=748"}],"wp:term":[{"taxonomy":"category","embeddable":true,"href":"https:\/\/max.pro.br\/index.php?rest_route=%2Fwp%2Fv2%2Fcategories&post=748"},{"taxonomy":"post_tag","embeddable":true,"href":"https:\/\/max.pro.br\/index.php?rest_route=%2Fwp%2Fv2%2Ftags&post=748"}],"curies":[{"name":"wp","href":"https:\/\/api.w.org\/{rel}","templated":true}]}}